{"id":471,"date":"2022-05-02T20:02:01","date_gmt":"2022-05-02T20:02:01","guid":{"rendered":"https:\/\/pawelnaumowicz.pl\/?p=471"},"modified":"2022-05-02T20:06:26","modified_gmt":"2022-05-02T20:06:26","slug":"wiosenny-weekend-w-koneserze","status":"publish","type":"post","link":"https:\/\/pawelnaumowicz.pl\/index.php\/2022\/05\/02\/wiosenny-weekend-w-koneserze\/","title":{"rendered":"Wiosenny weekend w Koneserze"},"content":{"rendered":"\n<p>Kolejny raz mieli\u015bmy szans\u0119 spotka\u0107 si\u0119 w Warszawie. Praga przywita\u0142a nas ch\u0142odno, natomiast po kilku godzinach ugo\u015bci\u0142a nas pi\u0119kn\u0105 pogod\u0105, z ciep\u0142ym s\u0142o\u0144cem na b\u0142\u0119kitnym niebie.<\/p>\n\n\n\n<p>W trakcie tego weekendu , Ci z was, kt\u00f3rzy osobi\u015bcie zjawili si\u0119 na warszawskiej Pradze, mieli szans\u0119 obejrze\u0107 w trybie &#8217;<em>live<\/em>&#8217; dwie prace ze zmienionymi kolorami. Poni\u017cej zamieszczam te nowe, a do odszukania poprzednich wersji zapraszam do galerii.<\/p>\n\n\n\n<p> <\/p>\n\n\n\n<div class=\"wp-block-image\"><figure class=\"aligncenter size-large is-resized\"><img loading=\"lazy\" decoding=\"async\" src=\"https:\/\/pawelnaumowicz.pl\/pn\/wp-content\/uploads\/2020\/01\/Rytm-3-kolory-2022-e1651094237597-737x1024.jpg\" alt=\"RYTM WOK\u00d3\u0141 MNIE 3 (RHYTHM AROUND ME 3) ver. 2022\" class=\"wp-image-469\" width=\"374\" height=\"519\" srcset=\"https:\/\/pawelnaumowicz.pl\/pn\/wp-content\/uploads\/2020\/01\/Rytm-3-kolory-2022-e1651094237597-737x1024.jpg 737w, https:\/\/pawelnaumowicz.pl\/pn\/wp-content\/uploads\/2020\/01\/Rytm-3-kolory-2022-e1651094237597-600x834.jpg 600w, https:\/\/pawelnaumowicz.pl\/pn\/wp-content\/uploads\/2020\/01\/Rytm-3-kolory-2022-e1651094237597-216x300.jpg 216w, https:\/\/pawelnaumowicz.pl\/pn\/wp-content\/uploads\/2020\/01\/Rytm-3-kolory-2022-e1651094237597-768x1067.jpg 768w, https:\/\/pawelnaumowicz.pl\/pn\/wp-content\/uploads\/2020\/01\/Rytm-3-kolory-2022-e1651094237597-1105x1536.jpg 1105w, https:\/\/pawelnaumowicz.pl\/pn\/wp-content\/uploads\/2020\/01\/Rytm-3-kolory-2022-e1651094237597.jpg 1245w\" sizes=\"auto, (max-width: 374px) 100vw, 374px\" \/><figcaption>RYTM WOK\u00d3\u0141 MNIE 3 (RHYTHM AROUND ME 3) ver. 2022<\/figcaption><\/figure><\/div>\n\n\n\n<div class=\"wp-block-image\"><figure class=\"aligncenter size-large is-resized\"><img loading=\"lazy\" decoding=\"async\" src=\"https:\/\/pawelnaumowicz.pl\/pn\/wp-content\/uploads\/2020\/01\/Przystanek-kolory-2022-e1651094644339-1024x742.jpg\" alt=\"PRZYSTANEK HORSESHOE CASINO (STOPOVER HORSESHOE CASINO) ver. 2022\" class=\"wp-image-468\" width=\"525\" height=\"379\" srcset=\"https:\/\/pawelnaumowicz.pl\/pn\/wp-content\/uploads\/2020\/01\/Przystanek-kolory-2022-e1651094644339-1024x742.jpg 1024w, https:\/\/pawelnaumowicz.pl\/pn\/wp-content\/uploads\/2020\/01\/Przystanek-kolory-2022-e1651094644339-300x217.jpg 300w, https:\/\/pawelnaumowicz.pl\/pn\/wp-content\/uploads\/2020\/01\/Przystanek-kolory-2022-e1651094644339-1536x1113.jpg 1536w, https:\/\/pawelnaumowicz.pl\/pn\/wp-content\/uploads\/2020\/01\/Przystanek-kolory-2022-e1651094644339.jpg 1780w\" sizes=\"auto, (max-width: 525px) 100vw, 525px\" \/><figcaption>PRZYSTANEK HORSESHOE CASINO (STOPOVER HORSESHOE CASINO) ver. 2022<\/figcaption><\/figure><\/div>\n\n\n\n<p>Na tym Targowisku &#8211; brodacz oprawi\u0142 si\u0119 w ramki &#8211; to kolejna propozycja, aby inaczej spojrze\u0107 na prace jak s\u0105 ju\u017c oprawione.<\/p>\n\n\n\n<p>Poni\u017cej kilka zdj\u0119\u0107 z ostatniego weekendu:<\/p>\n\n\n\n<figure class=\"wp-block-gallery has-nested-images columns-default is-cropped wp-block-gallery-1 is-layout-flex wp-block-gallery-is-layout-flex\">\n<figure class=\"wp-block-image size-large\"><img loading=\"lazy\" decoding=\"async\" width=\"1920\" height=\"2560\" data-id=\"473\" src=\"https:\/\/pawelnaumowicz.pl\/pn\/wp-content\/uploads\/2022\/05\/20220423_110438-scaled.jpg\" alt=\"\" class=\"wp-image-473\" srcset=\"https:\/\/pawelnaumowicz.pl\/pn\/wp-content\/uploads\/2022\/05\/20220423_110438-scaled.jpg 1920w, https:\/\/pawelnaumowicz.pl\/pn\/wp-content\/uploads\/2022\/05\/20220423_110438-scaled-600x800.jpg 600w, https:\/\/pawelnaumowicz.pl\/pn\/wp-content\/uploads\/2022\/05\/20220423_110438-225x300.jpg 225w, https:\/\/pawelnaumowicz.pl\/pn\/wp-content\/uploads\/2022\/05\/20220423_110438-768x1024.jpg 768w, https:\/\/pawelnaumowicz.pl\/pn\/wp-content\/uploads\/2022\/05\/20220423_110438-1152x1536.jpg 1152w, https:\/\/pawelnaumowicz.pl\/pn\/wp-content\/uploads\/2022\/05\/20220423_110438-1536x2048.jpg 1536w\" sizes=\"auto, (max-width: 1920px) 100vw, 1920px\" \/><\/figure>\n\n\n\n<figure class=\"wp-block-image size-large\"><img loading=\"lazy\" decoding=\"async\" width=\"2021\" height=\"2560\" data-id=\"474\" src=\"https:\/\/pawelnaumowicz.pl\/pn\/wp-content\/uploads\/2022\/05\/20220423_110457-scaled.jpg\" alt=\"\" class=\"wp-image-474\" srcset=\"https:\/\/pawelnaumowicz.pl\/pn\/wp-content\/uploads\/2022\/05\/20220423_110457-scaled.jpg 2021w, https:\/\/pawelnaumowicz.pl\/pn\/wp-content\/uploads\/2022\/05\/20220423_110457-scaled-600x760.jpg 600w\" sizes=\"auto, (max-width: 2021px) 100vw, 2021px\" \/><\/figure>\n\n\n\n<figure class=\"wp-block-image size-large\"><img loading=\"lazy\" decoding=\"async\" width=\"2560\" height=\"1920\" data-id=\"475\" src=\"https:\/\/pawelnaumowicz.pl\/pn\/wp-content\/uploads\/2022\/05\/20220424_125215-scaled.jpg\" alt=\"\" class=\"wp-image-475\" srcset=\"https:\/\/pawelnaumowicz.pl\/pn\/wp-content\/uploads\/2022\/05\/20220424_125215-scaled.jpg 2560w, https:\/\/pawelnaumowicz.pl\/pn\/wp-content\/uploads\/2022\/05\/20220424_125215-scaled-600x450.jpg 600w, https:\/\/pawelnaumowicz.pl\/pn\/wp-content\/uploads\/2022\/05\/20220424_125215-300x225.jpg 300w, https:\/\/pawelnaumowicz.pl\/pn\/wp-content\/uploads\/2022\/05\/20220424_125215-1024x768.jpg 1024w, https:\/\/pawelnaumowicz.pl\/pn\/wp-content\/uploads\/2022\/05\/20220424_125215-768x576.jpg 768w, https:\/\/pawelnaumowicz.pl\/pn\/wp-content\/uploads\/2022\/05\/20220424_125215-1536x1152.jpg 1536w, https:\/\/pawelnaumowicz.pl\/pn\/wp-content\/uploads\/2022\/05\/20220424_125215-2048x1536.jpg 2048w\" sizes=\"auto, (max-width: 2560px) 100vw, 2560px\" \/><\/figure>\n\n\n\n<figure class=\"wp-block-image size-large\"><img loading=\"lazy\" decoding=\"async\" width=\"2560\" height=\"1920\" data-id=\"476\" src=\"https:\/\/pawelnaumowicz.pl\/pn\/wp-content\/uploads\/2022\/05\/20220424_133515-scaled.jpg\" alt=\"\" class=\"wp-image-476\" srcset=\"https:\/\/pawelnaumowicz.pl\/pn\/wp-content\/uploads\/2022\/05\/20220424_133515-scaled.jpg 2560w, https:\/\/pawelnaumowicz.pl\/pn\/wp-content\/uploads\/2022\/05\/20220424_133515-scaled-600x450.jpg 600w, https:\/\/pawelnaumowicz.pl\/pn\/wp-content\/uploads\/2022\/05\/20220424_133515-300x225.jpg 300w, https:\/\/pawelnaumowicz.pl\/pn\/wp-content\/uploads\/2022\/05\/20220424_133515-1024x768.jpg 1024w, https:\/\/pawelnaumowicz.pl\/pn\/wp-content\/uploads\/2022\/05\/20220424_133515-768x576.jpg 768w, https:\/\/pawelnaumowicz.pl\/pn\/wp-content\/uploads\/2022\/05\/20220424_133515-1536x1152.jpg 1536w, https:\/\/pawelnaumowicz.pl\/pn\/wp-content\/uploads\/2022\/05\/20220424_133515-2048x1536.jpg 2048w\" sizes=\"auto, (max-width: 2560px) 100vw, 2560px\" \/><\/figure>\n<\/figure>\n\n\n\n<p><\/p>\n\n\n\n<p>Dzi\u0119kuj\u0119, \u017ce byli\u015bcie z nami.<\/p>\n","protected":false},"excerpt":{"rendered":"<p>Kolejny raz mieli\u015bmy szans\u0119 spotka\u0107 si\u0119 w Warszawie. Praga przywita\u0142a nas ch\u0142odno, natomiast po kilku godzinach ugo\u015bci\u0142a nas pi\u0119kn\u0105 pogod\u0105, z ciep\u0142ym s\u0142o\u0144cem na b\u0142\u0119kitnym niebie. W trakcie tego weekendu , Ci z was, kt\u00f3rzy osobi\u015bcie zjawili si\u0119 na warszawskiej Pradze, mieli szans\u0119 obejrze\u0107 w trybie &#8217;live&#8217; dwie prace ze zmienionymi kolorami. Poni\u017cej zamieszczam te nowe, a do odszukania poprzednich wersji zapraszam do galerii. Na tym Targowisku &#8211; brodacz oprawi\u0142<\/p>\n<div class=\"read-more\"><a class=\"btn read-more-btn\" href=\"https:\/\/pawelnaumowicz.pl\/index.php\/2022\/05\/02\/wiosenny-weekend-w-koneserze\/\">Read More<\/a><\/div>\n","protected":false},"author":1,"featured_media":134,"comment_status":"closed","ping_status":"open","sticky":false,"template":"","format":"standard","meta":{"footnotes":""},"categories":[18],"tags":[],"class_list":["post-471","post","type-post","status-publish","format-standard","has-post-thumbnail","hentry","category-targowisko-sztuki"],"yoast_head":"<!-- This site is optimized with the Yoast SEO plugin v27.5 - https:\/\/yoast.com\/product\/yoast-seo-wordpress\/ -->\n<title>Wiosenny weekend w Koneserze - Pawe\u0142 Naumowicz<\/title>\n<meta name=\"robots\" content=\"index, follow, max-snippet:-1, max-image-preview:large, max-video-preview:-1\" \/>\n<link rel=\"canonical\" href=\"https:\/\/pawelnaumowicz.pl\/index.php\/2022\/05\/02\/wiosenny-weekend-w-koneserze\/\" \/>\n<meta property=\"og:locale\" content=\"pl_PL\" \/>\n<meta property=\"og:type\" content=\"article\" \/>\n<meta property=\"og:title\" content=\"Wiosenny weekend w Koneserze - Pawe\u0142 Naumowicz\" \/>\n<meta property=\"og:description\" content=\"Kolejny raz mieli\u015bmy szans\u0119 spotka\u0107 si\u0119 w Warszawie. Praga przywita\u0142a nas ch\u0142odno, natomiast po kilku godzinach ugo\u015bci\u0142a nas pi\u0119kn\u0105 pogod\u0105, z ciep\u0142ym s\u0142o\u0144cem na b\u0142\u0119kitnym niebie. W trakcie tego weekendu , Ci z was, kt\u00f3rzy osobi\u015bcie zjawili si\u0119 na warszawskiej Pradze, mieli szans\u0119 obejrze\u0107 w trybie &#8217;live&#8217; dwie prace ze zmienionymi kolorami. Poni\u017cej zamieszczam te nowe, a do odszukania poprzednich wersji zapraszam do galerii. Na tym Targowisku &#8211; brodacz oprawi\u0142Read More\" \/>\n<meta property=\"og:url\" content=\"https:\/\/pawelnaumowicz.pl\/index.php\/2022\/05\/02\/wiosenny-weekend-w-koneserze\/\" \/>\n<meta property=\"og:site_name\" content=\"Pawe\u0142 Naumowicz\" \/>\n<meta property=\"article:publisher\" content=\"https:\/\/www.facebook.com\/neumgraf\" \/>\n<meta property=\"article:author\" content=\"https:\/\/www.facebook.com\/neumgraf\" \/>\n<meta property=\"article:published_time\" content=\"2022-05-02T20:02:01+00:00\" \/>\n<meta property=\"article:modified_time\" content=\"2022-05-02T20:06:26+00:00\" \/>\n<meta property=\"og:image\" content=\"https:\/\/pawelnaumowicz.pl\/pn\/wp-content\/uploads\/2020\/01\/logo.png\" \/>\n\t<meta property=\"og:image:width\" content=\"288\" \/>\n\t<meta property=\"og:image:height\" content=\"112\" \/>\n\t<meta property=\"og:image:type\" content=\"image\/png\" \/>\n<meta name=\"author\" content=\"Pawe\u0142 Naumowicz\" \/>\n<meta name=\"twitter:card\" content=\"summary_large_image\" \/>\n<meta name=\"twitter:label1\" content=\"Napisane przez\" \/>\n\t<meta name=\"twitter:data1\" content=\"Pawe\u0142 Naumowicz\" \/>\n\t<meta name=\"twitter:label2\" content=\"Szacowany czas czytania\" \/>\n\t<meta name=\"twitter:data2\" content=\"1 minuta\" \/>\n<script type=\"application\/ld+json\" class=\"yoast-schema-graph\">{\"@context\":\"https:\\\/\\\/schema.org\",\"@graph\":[{\"@type\":\"Article\",\"@id\":\"https:\\\/\\\/pawelnaumowicz.pl\\\/index.php\\\/2022\\\/05\\\/02\\\/wiosenny-weekend-w-koneserze\\\/#article\",\"isPartOf\":{\"@id\":\"https:\\\/\\\/pawelnaumowicz.pl\\\/index.php\\\/2022\\\/05\\\/02\\\/wiosenny-weekend-w-koneserze\\\/\"},\"author\":{\"name\":\"Pawe\u0142 Naumowicz\",\"@id\":\"https:\\\/\\\/pawelnaumowicz.pl\\\/#\\\/schema\\\/person\\\/33fdf88358d7362dc38d7ae1a38801df\"},\"headline\":\"Wiosenny weekend w Koneserze\",\"datePublished\":\"2022-05-02T20:02:01+00:00\",\"dateModified\":\"2022-05-02T20:06:26+00:00\",\"mainEntityOfPage\":{\"@id\":\"https:\\\/\\\/pawelnaumowicz.pl\\\/index.php\\\/2022\\\/05\\\/02\\\/wiosenny-weekend-w-koneserze\\\/\"},\"wordCount\":130,\"publisher\":{\"@id\":\"https:\\\/\\\/pawelnaumowicz.pl\\\/#\\\/schema\\\/person\\\/33fdf88358d7362dc38d7ae1a38801df\"},\"image\":{\"@id\":\"https:\\\/\\\/pawelnaumowicz.pl\\\/index.php\\\/2022\\\/05\\\/02\\\/wiosenny-weekend-w-koneserze\\\/#primaryimage\"},\"thumbnailUrl\":\"https:\\\/\\\/pawelnaumowicz.pl\\\/pn\\\/wp-content\\\/uploads\\\/2020\\\/01\\\/logo.png\",\"articleSection\":[\"Targowisko Sztuki\"],\"inLanguage\":\"pl-PL\"},{\"@type\":\"WebPage\",\"@id\":\"https:\\\/\\\/pawelnaumowicz.pl\\\/index.php\\\/2022\\\/05\\\/02\\\/wiosenny-weekend-w-koneserze\\\/\",\"url\":\"https:\\\/\\\/pawelnaumowicz.pl\\\/index.php\\\/2022\\\/05\\\/02\\\/wiosenny-weekend-w-koneserze\\\/\",\"name\":\"Wiosenny weekend w Koneserze - Pawe\u0142 Naumowicz\",\"isPartOf\":{\"@id\":\"https:\\\/\\\/pawelnaumowicz.pl\\\/#website\"},\"primaryImageOfPage\":{\"@id\":\"https:\\\/\\\/pawelnaumowicz.pl\\\/index.php\\\/2022\\\/05\\\/02\\\/wiosenny-weekend-w-koneserze\\\/#primaryimage\"},\"image\":{\"@id\":\"https:\\\/\\\/pawelnaumowicz.pl\\\/index.php\\\/2022\\\/05\\\/02\\\/wiosenny-weekend-w-koneserze\\\/#primaryimage\"},\"thumbnailUrl\":\"https:\\\/\\\/pawelnaumowicz.pl\\\/pn\\\/wp-content\\\/uploads\\\/2020\\\/01\\\/logo.png\",\"datePublished\":\"2022-05-02T20:02:01+00:00\",\"dateModified\":\"2022-05-02T20:06:26+00:00\",\"breadcrumb\":{\"@id\":\"https:\\\/\\\/pawelnaumowicz.pl\\\/index.php\\\/2022\\\/05\\\/02\\\/wiosenny-weekend-w-koneserze\\\/#breadcrumb\"},\"inLanguage\":\"pl-PL\",\"potentialAction\":[{\"@type\":\"ReadAction\",\"target\":[\"https:\\\/\\\/pawelnaumowicz.pl\\\/index.php\\\/2022\\\/05\\\/02\\\/wiosenny-weekend-w-koneserze\\\/\"]}]},{\"@type\":\"ImageObject\",\"inLanguage\":\"pl-PL\",\"@id\":\"https:\\\/\\\/pawelnaumowicz.pl\\\/index.php\\\/2022\\\/05\\\/02\\\/wiosenny-weekend-w-koneserze\\\/#primaryimage\",\"url\":\"https:\\\/\\\/pawelnaumowicz.pl\\\/pn\\\/wp-content\\\/uploads\\\/2020\\\/01\\\/logo.png\",\"contentUrl\":\"https:\\\/\\\/pawelnaumowicz.pl\\\/pn\\\/wp-content\\\/uploads\\\/2020\\\/01\\\/logo.png\",\"width\":288,\"height\":112,\"caption\":\"Centrum Sztuki KONESER, sala \\\"Warsztat\\\", 15-16 pa\u017adziernika 2022\"},{\"@type\":\"BreadcrumbList\",\"@id\":\"https:\\\/\\\/pawelnaumowicz.pl\\\/index.php\\\/2022\\\/05\\\/02\\\/wiosenny-weekend-w-koneserze\\\/#breadcrumb\",\"itemListElement\":[{\"@type\":\"ListItem\",\"position\":1,\"name\":\"Strona g\u0142\u00f3wna\",\"item\":\"https:\\\/\\\/pawelnaumowicz.pl\\\/\"},{\"@type\":\"ListItem\",\"position\":2,\"name\":\"Wiosenny weekend w Koneserze\"}]},{\"@type\":\"WebSite\",\"@id\":\"https:\\\/\\\/pawelnaumowicz.pl\\\/#website\",\"url\":\"https:\\\/\\\/pawelnaumowicz.pl\\\/\",\"name\":\"Pawe\u0142 Naumowicz\",\"description\":\"\",\"publisher\":{\"@id\":\"https:\\\/\\\/pawelnaumowicz.pl\\\/#\\\/schema\\\/person\\\/33fdf88358d7362dc38d7ae1a38801df\"},\"potentialAction\":[{\"@type\":\"SearchAction\",\"target\":{\"@type\":\"EntryPoint\",\"urlTemplate\":\"https:\\\/\\\/pawelnaumowicz.pl\\\/?s={search_term_string}\"},\"query-input\":{\"@type\":\"PropertyValueSpecification\",\"valueRequired\":true,\"valueName\":\"search_term_string\"}}],\"inLanguage\":\"pl-PL\"},{\"@type\":[\"Person\",\"Organization\"],\"@id\":\"https:\\\/\\\/pawelnaumowicz.pl\\\/#\\\/schema\\\/person\\\/33fdf88358d7362dc38d7ae1a38801df\",\"name\":\"Pawe\u0142 Naumowicz\",\"image\":{\"@type\":\"ImageObject\",\"inLanguage\":\"pl-PL\",\"@id\":\"https:\\\/\\\/pawelnaumowicz.pl\\\/pn\\\/wp-content\\\/uploads\\\/2023\\\/11\\\/PN_portret_main_www.jpg\",\"url\":\"https:\\\/\\\/pawelnaumowicz.pl\\\/pn\\\/wp-content\\\/uploads\\\/2023\\\/11\\\/PN_portret_main_www.jpg\",\"contentUrl\":\"https:\\\/\\\/pawelnaumowicz.pl\\\/pn\\\/wp-content\\\/uploads\\\/2023\\\/11\\\/PN_portret_main_www.jpg\",\"width\":1200,\"height\":1803,\"caption\":\"Pawe\u0142 Naumowicz\"},\"logo\":{\"@id\":\"https:\\\/\\\/pawelnaumowicz.pl\\\/pn\\\/wp-content\\\/uploads\\\/2023\\\/11\\\/PN_portret_main_www.jpg\"},\"sameAs\":[\"https:\\\/\\\/www.facebook.com\\\/neumgraf\",\"https:\\\/\\\/www.instagram.com\\\/naumowiczpawel\"],\"url\":\"https:\\\/\\\/pawelnaumowicz.pl\\\/index.php\\\/author\\\/pn\\\/\"}]}<\/script>\n<!-- \/ Yoast SEO plugin. -->","yoast_head_json":{"title":"Wiosenny weekend w Koneserze - Pawe\u0142 Naumowicz","robots":{"index":"index","follow":"follow","max-snippet":"max-snippet:-1","max-image-preview":"max-image-preview:large","max-video-preview":"max-video-preview:-1"},"canonical":"https:\/\/pawelnaumowicz.pl\/index.php\/2022\/05\/02\/wiosenny-weekend-w-koneserze\/","og_locale":"pl_PL","og_type":"article","og_title":"Wiosenny weekend w Koneserze - Pawe\u0142 Naumowicz","og_description":"Kolejny raz mieli\u015bmy szans\u0119 spotka\u0107 si\u0119 w Warszawie. Praga przywita\u0142a nas ch\u0142odno, natomiast po kilku godzinach ugo\u015bci\u0142a nas pi\u0119kn\u0105 pogod\u0105, z ciep\u0142ym s\u0142o\u0144cem na b\u0142\u0119kitnym niebie. W trakcie tego weekendu , Ci z was, kt\u00f3rzy osobi\u015bcie zjawili si\u0119 na warszawskiej Pradze, mieli szans\u0119 obejrze\u0107 w trybie &#8217;live&#8217; dwie prace ze zmienionymi kolorami. Poni\u017cej zamieszczam te nowe, a do odszukania poprzednich wersji zapraszam do galerii. Na tym Targowisku &#8211; brodacz oprawi\u0142Read More","og_url":"https:\/\/pawelnaumowicz.pl\/index.php\/2022\/05\/02\/wiosenny-weekend-w-koneserze\/","og_site_name":"Pawe\u0142 Naumowicz","article_publisher":"https:\/\/www.facebook.com\/neumgraf","article_author":"https:\/\/www.facebook.com\/neumgraf","article_published_time":"2022-05-02T20:02:01+00:00","article_modified_time":"2022-05-02T20:06:26+00:00","og_image":[{"width":288,"height":112,"url":"https:\/\/pawelnaumowicz.pl\/pn\/wp-content\/uploads\/2020\/01\/logo.png","type":"image\/png"}],"author":"Pawe\u0142 Naumowicz","twitter_card":"summary_large_image","twitter_misc":{"Napisane przez":"Pawe\u0142 Naumowicz","Szacowany czas czytania":"1 minuta"},"schema":{"@context":"https:\/\/schema.org","@graph":[{"@type":"Article","@id":"https:\/\/pawelnaumowicz.pl\/index.php\/2022\/05\/02\/wiosenny-weekend-w-koneserze\/#article","isPartOf":{"@id":"https:\/\/pawelnaumowicz.pl\/index.php\/2022\/05\/02\/wiosenny-weekend-w-koneserze\/"},"author":{"name":"Pawe\u0142 Naumowicz","@id":"https:\/\/pawelnaumowicz.pl\/#\/schema\/person\/33fdf88358d7362dc38d7ae1a38801df"},"headline":"Wiosenny weekend w Koneserze","datePublished":"2022-05-02T20:02:01+00:00","dateModified":"2022-05-02T20:06:26+00:00","mainEntityOfPage":{"@id":"https:\/\/pawelnaumowicz.pl\/index.php\/2022\/05\/02\/wiosenny-weekend-w-koneserze\/"},"wordCount":130,"publisher":{"@id":"https:\/\/pawelnaumowicz.pl\/#\/schema\/person\/33fdf88358d7362dc38d7ae1a38801df"},"image":{"@id":"https:\/\/pawelnaumowicz.pl\/index.php\/2022\/05\/02\/wiosenny-weekend-w-koneserze\/#primaryimage"},"thumbnailUrl":"https:\/\/pawelnaumowicz.pl\/pn\/wp-content\/uploads\/2020\/01\/logo.png","articleSection":["Targowisko Sztuki"],"inLanguage":"pl-PL"},{"@type":"WebPage","@id":"https:\/\/pawelnaumowicz.pl\/index.php\/2022\/05\/02\/wiosenny-weekend-w-koneserze\/","url":"https:\/\/pawelnaumowicz.pl\/index.php\/2022\/05\/02\/wiosenny-weekend-w-koneserze\/","name":"Wiosenny weekend w Koneserze - Pawe\u0142 Naumowicz","isPartOf":{"@id":"https:\/\/pawelnaumowicz.pl\/#website"},"primaryImageOfPage":{"@id":"https:\/\/pawelnaumowicz.pl\/index.php\/2022\/05\/02\/wiosenny-weekend-w-koneserze\/#primaryimage"},"image":{"@id":"https:\/\/pawelnaumowicz.pl\/index.php\/2022\/05\/02\/wiosenny-weekend-w-koneserze\/#primaryimage"},"thumbnailUrl":"https:\/\/pawelnaumowicz.pl\/pn\/wp-content\/uploads\/2020\/01\/logo.png","datePublished":"2022-05-02T20:02:01+00:00","dateModified":"2022-05-02T20:06:26+00:00","breadcrumb":{"@id":"https:\/\/pawelnaumowicz.pl\/index.php\/2022\/05\/02\/wiosenny-weekend-w-koneserze\/#breadcrumb"},"inLanguage":"pl-PL","potentialAction":[{"@type":"ReadAction","target":["https:\/\/pawelnaumowicz.pl\/index.php\/2022\/05\/02\/wiosenny-weekend-w-koneserze\/"]}]},{"@type":"ImageObject","inLanguage":"pl-PL","@id":"https:\/\/pawelnaumowicz.pl\/index.php\/2022\/05\/02\/wiosenny-weekend-w-koneserze\/#primaryimage","url":"https:\/\/pawelnaumowicz.pl\/pn\/wp-content\/uploads\/2020\/01\/logo.png","contentUrl":"https:\/\/pawelnaumowicz.pl\/pn\/wp-content\/uploads\/2020\/01\/logo.png","width":288,"height":112,"caption":"Centrum Sztuki KONESER, sala \"Warsztat\", 15-16 pa\u017adziernika 2022"},{"@type":"BreadcrumbList","@id":"https:\/\/pawelnaumowicz.pl\/index.php\/2022\/05\/02\/wiosenny-weekend-w-koneserze\/#breadcrumb","itemListElement":[{"@type":"ListItem","position":1,"name":"Strona g\u0142\u00f3wna","item":"https:\/\/pawelnaumowicz.pl\/"},{"@type":"ListItem","position":2,"name":"Wiosenny weekend w Koneserze"}]},{"@type":"WebSite","@id":"https:\/\/pawelnaumowicz.pl\/#website","url":"https:\/\/pawelnaumowicz.pl\/","name":"Pawe\u0142 Naumowicz","description":"","publisher":{"@id":"https:\/\/pawelnaumowicz.pl\/#\/schema\/person\/33fdf88358d7362dc38d7ae1a38801df"},"potentialAction":[{"@type":"SearchAction","target":{"@type":"EntryPoint","urlTemplate":"https:\/\/pawelnaumowicz.pl\/?s={search_term_string}"},"query-input":{"@type":"PropertyValueSpecification","valueRequired":true,"valueName":"search_term_string"}}],"inLanguage":"pl-PL"},{"@type":["Person","Organization"],"@id":"https:\/\/pawelnaumowicz.pl\/#\/schema\/person\/33fdf88358d7362dc38d7ae1a38801df","name":"Pawe\u0142 Naumowicz","image":{"@type":"ImageObject","inLanguage":"pl-PL","@id":"https:\/\/pawelnaumowicz.pl\/pn\/wp-content\/uploads\/2023\/11\/PN_portret_main_www.jpg","url":"https:\/\/pawelnaumowicz.pl\/pn\/wp-content\/uploads\/2023\/11\/PN_portret_main_www.jpg","contentUrl":"https:\/\/pawelnaumowicz.pl\/pn\/wp-content\/uploads\/2023\/11\/PN_portret_main_www.jpg","width":1200,"height":1803,"caption":"Pawe\u0142 Naumowicz"},"logo":{"@id":"https:\/\/pawelnaumowicz.pl\/pn\/wp-content\/uploads\/2023\/11\/PN_portret_main_www.jpg"},"sameAs":["https:\/\/www.facebook.com\/neumgraf","https:\/\/www.instagram.com\/naumowiczpawel"],"url":"https:\/\/pawelnaumowicz.pl\/index.php\/author\/pn\/"}]}},"_links":{"self":[{"href":"https:\/\/pawelnaumowicz.pl\/index.php\/wp-json\/wp\/v2\/posts\/471","targetHints":{"allow":["GET"]}}],"collection":[{"href":"https:\/\/pawelnaumowicz.pl\/index.php\/wp-json\/wp\/v2\/posts"}],"about":[{"href":"https:\/\/pawelnaumowicz.pl\/index.php\/wp-json\/wp\/v2\/types\/post"}],"author":[{"embeddable":true,"href":"https:\/\/pawelnaumowicz.pl\/index.php\/wp-json\/wp\/v2\/users\/1"}],"replies":[{"embeddable":true,"href":"https:\/\/pawelnaumowicz.pl\/index.php\/wp-json\/wp\/v2\/comments?post=471"}],"version-history":[{"count":5,"href":"https:\/\/pawelnaumowicz.pl\/index.php\/wp-json\/wp\/v2\/posts\/471\/revisions"}],"predecessor-version":[{"id":487,"href":"https:\/\/pawelnaumowicz.pl\/index.php\/wp-json\/wp\/v2\/posts\/471\/revisions\/487"}],"wp:featuredmedia":[{"embeddable":true,"href":"https:\/\/pawelnaumowicz.pl\/index.php\/wp-json\/wp\/v2\/media\/134"}],"wp:attachment":[{"href":"https:\/\/pawelnaumowicz.pl\/index.php\/wp-json\/wp\/v2\/media?parent=471"}],"wp:term":[{"taxonomy":"category","embeddable":true,"href":"https:\/\/pawelnaumowicz.pl\/index.php\/wp-json\/wp\/v2\/categories?post=471"},{"taxonomy":"post_tag","embeddable":true,"href":"https:\/\/pawelnaumowicz.pl\/index.php\/wp-json\/wp\/v2\/tags?post=471"}],"curies":[{"name":"wp","href":"https:\/\/api.w.org\/{rel}","templated":true}]}}